{"id":1471,"date":"2021-09-27T11:42:30","date_gmt":"2021-09-27T09:42:30","guid":{"rendered":"http:\/\/hc-tuebingen.de\/?p=1471"},"modified":"2021-09-27T11:42:38","modified_gmt":"2021-09-27T09:42:38","slug":"spielbericht-25-09-ssv-ulm-2-hc-tuebingen","status":"publish","type":"post","link":"https:\/\/hc-tuebingen.de\/?p=1471","title":{"rendered":"Spielbericht 25.09.  \/\/ SSV Ulm 2- HC T\u00fcbingen"},"content":{"rendered":"<p><img data-recalc-dims=\"1\" loading=\"lazy\" decoding=\"async\" data-attachment-id=\"1472\" data-permalink=\"https:\/\/hc-tuebingen.de\/?attachment_id=1472#main\" data-orig-file=\"https:\/\/i0.wp.com\/hc-tuebingen.de\/wp-content\/uploads\/2021\/09\/21-09_HCT-Ulm.jpg?fit=1024%2C512&amp;ssl=1\" data-orig-size=\"1024,512\" data-comments-opened=\"0\" data-image-meta=\"{&quot;aperture&quot;:&quot;5.6&quot;,&quot;credit&quot;:&quot;&quot;,&quot;camera&quot;:&quot;NIKON D40X&quot;,&quot;caption&quot;:&quot;&quot;,&quot;created_timestamp&quot;:&quot;1317556671&quot;,&quot;copyright&quot;:&quot;&quot;,&quot;focal_length&quot;:&quot;220&quot;,&quot;iso&quot;:&quot;100&quot;,&quot;shutter_speed&quot;:&quot;0.003125&quot;,&quot;title&quot;:&quot;&quot;,&quot;orientation&quot;:&quot;1&quot;}\" data-image-title=\"21-09_HCT-Ulm\" data-image-description=\"\" data-image-caption=\"\" data-large-file=\"https:\/\/i0.wp.com\/hc-tuebingen.de\/wp-content\/uploads\/2021\/09\/21-09_HCT-Ulm.jpg?fit=620%2C310&amp;ssl=1\" class=\"size-medium_large wp-image-1472 alignnone\" src=\"https:\/\/i0.wp.com\/hc-tuebingen.de\/wp-content\/uploads\/2021\/09\/21-09_HCT-Ulm.jpg?resize=620%2C310&#038;ssl=1\" alt=\"\" width=\"620\" height=\"310\" srcset=\"https:\/\/i0.wp.com\/hc-tuebingen.de\/wp-content\/uploads\/2021\/09\/21-09_HCT-Ulm.jpg?resize=768%2C384&amp;ssl=1 768w, https:\/\/i0.wp.com\/hc-tuebingen.de\/wp-content\/uploads\/2021\/09\/21-09_HCT-Ulm.jpg?resize=300%2C150&amp;ssl=1 300w, https:\/\/i0.wp.com\/hc-tuebingen.de\/wp-content\/uploads\/2021\/09\/21-09_HCT-Ulm.jpg?w=1024&amp;ssl=1 1024w, https:\/\/i0.wp.com\/hc-tuebingen.de\/wp-content\/uploads\/2021\/09\/21-09_HCT-Ulm.jpg?resize=760%2C380&amp;ssl=1 760w\" sizes=\"auto, (max-width: 620px) 100vw, 620px\" \/><\/p>\n<p>Wie immer von den Semesterferien gebeutelt, reisten die Herren des HC T\u00fcbingen mit leider nur 11 Spielern zum 1. Saisonspiel nach Ulm.<\/p>\n<p>Das erste Viertel standen die Herren des HCT tief und stabil und konnten vereinzelt Konter setzen. Durch eben solchen konnte Paul Weiler nach 10 Minuten die erste Strafecke zum 1:0 aus T\u00fcbinger Sicht verwandeln. Die Freude hielt allerdings nur kurz an, Ulm konnte eine Unaufmerksamkeit der T\u00fcbinger Herren kurz vor der Viertelpause zum 1:1 ausnutzen.<\/p>\n<p>Im zweiten Viertel merkte man den Ulmern ihren vollen Kader an und sie schn\u00fcrten T\u00fcbinger zeitweise im eigenen Schusskreis ein, lediglich der in schwarz gekleidete Torwart Timo Bader rettete mit Panter-artigen Reflexen das Unentschieden. Kurz vor der Halbzeit konnte Ulm allerdings durch eine weitere un\u00fcbersichtliche Kreissituation auf 1:2 stellen.<\/p>\n<p>In der zweiten Halbzeit spielte T\u00fcbingen tapfer und teilweise starkes Hockey und konnte das Spiel bis kurz vor dem Ende trotz nur 11 Spielern bei 1:2 halten. Die letzten 5 Minuten machte der HCT nochmal richtig Druck und erzielte beinahe noch den Ausgleich. Etwas entt\u00e4uscht aber mit einer ordentlichen Leistung sind die Herren gut ger\u00fcstet f\u00fcr das n\u00e4chste Ausw\u00e4rtsspiel am n\u00e4chsten Samstag in Bruchsal.<\/p>\n<p>Gro\u00dfen Dank gilt auch dem Deb\u00fctant Lenz und dem wieder aktiven Ur-HCTler Marc.<\/p>\n<p>Es spielten: Timo B., Richard S., Alex B., Lukas B., Lars L., Moritz M., Benni O., Lenz K., Marc H., Paul W. (1), David S.<\/p>\n","protected":false},"excerpt":{"rendered":"<p>Wie immer von den Semesterferien gebeutelt, reisten die Herren des HC T\u00fcbingen mit leider nur 11 Spielern zum 1. Saisonspiel nach Ulm. Das erste Viertel standen die Herren des HCT tief und stabil und konnten vereinzelt Konter setzen. Durch eben solchen konnte Paul Weiler nach 10 Minuten die erste Strafecke zum 1:0 aus T\u00fcbinger Sicht &hellip; <a href=\"https:\/\/hc-tuebingen.de\/?p=1471\" class=\"more-link\">Weiterlesen <span class=\"screen-reader-text\">Spielbericht 25.09.  \/\/ SSV Ulm 2- HC T\u00fcbingen<\/span><\/a><\/p>\n","protected":false},"author":1,"featured_media":0,"comment_status":"closed","ping_status":"open","sticky":false,"template":"","format":"standard","meta":{"_jetpack_newsletter_access":"","_jetpack_dont_email_post_to_subs":false,"_jetpack_newsletter_tier_id":0,"_jetpack_memberships_contains_paywalled_content":false,"_jetpack_memberships_contains_paid_content":false,"footnotes":""},"categories":[4,3],"tags":[],"class_list":["post-1471","post","type-post","status-publish","format-standard","hentry","category-herren","category-spielbericht","without-featured-image"],"jetpack_featured_media_url":"","jetpack_sharing_enabled":true,"jetpack_shortlink":"https:\/\/wp.me\/p9nm0i-nJ","jetpack_likes_enabled":true,"_links":{"self":[{"href":"https:\/\/hc-tuebingen.de\/index.php?rest_route=\/wp\/v2\/posts\/1471","targetHints":{"allow":["GET"]}}],"collection":[{"href":"https:\/\/hc-tuebingen.de\/index.php?rest_route=\/wp\/v2\/posts"}],"about":[{"href":"https:\/\/hc-tuebingen.de\/index.php?rest_route=\/wp\/v2\/types\/post"}],"author":[{"embeddable":true,"href":"https:\/\/hc-tuebingen.de\/index.php?rest_route=\/wp\/v2\/users\/1"}],"replies":[{"embeddable":true,"href":"https:\/\/hc-tuebingen.de\/index.php?rest_route=%2Fwp%2Fv2%2Fcomments&post=1471"}],"version-history":[{"count":1,"href":"https:\/\/hc-tuebingen.de\/index.php?rest_route=\/wp\/v2\/posts\/1471\/revisions"}],"predecessor-version":[{"id":1473,"href":"https:\/\/hc-tuebingen.de\/index.php?rest_route=\/wp\/v2\/posts\/1471\/revisions\/1473"}],"wp:attachment":[{"href":"https:\/\/hc-tuebingen.de\/index.php?rest_route=%2Fwp%2Fv2%2Fmedia&parent=1471"}],"wp:term":[{"taxonomy":"category","embeddable":true,"href":"https:\/\/hc-tuebingen.de\/index.php?rest_route=%2Fwp%2Fv2%2Fcategories&post=1471"},{"taxonomy":"post_tag","embeddable":true,"href":"https:\/\/hc-tuebingen.de\/index.php?rest_route=%2Fwp%2Fv2%2Ftags&post=1471"}],"curies":[{"name":"wp","href":"https:\/\/api.w.org\/{rel}","templated":true}]}}